{"id":5511,"date":"2024-04-11T21:30:26","date_gmt":"2024-04-11T19:30:26","guid":{"rendered":"http:\/\/www.aequa.org\/v1\/?p=5511"},"modified":"2024-04-11T21:30:26","modified_gmt":"2024-04-11T19:30:26","slug":"sono-tornate-le-rane-nella-valle-dellaniene-detriti-di-cultura-agraria","status":"publish","type":"post","link":"https:\/\/www.aequa.org\/v1\/index.php\/sono-tornate-le-rane-nella-valle-dellaniene-detriti-di-cultura-agraria\/","title":{"rendered":"SONO TORNATE LE RANE NELLA VALLE DELL&#8217;ANIENE, DETRITI DI CULTURA AGRARIA"},"content":{"rendered":"<p><strong>G. Cecili, Sono tornate le rane nella valle dell&#8217;Aniene. Detriti di cultura agraria, Fabreschi, Subiaco 2024, (16&#215;23), pp. 176, Ill. b\/n e a colori, s.i.p.<\/strong><\/p>\n<p><strong><\/strong><br \/>\nHa inizio con un bando solenne o, meglio, un preconio, il prezioso volume di Cecili denso di memorie, citazioni, meditazioni che dalla Valle dell&#8217;Aniene, da cui scaturiscono, si dipanano via via creando un loro empireo distaccato dalla terra e tendente all&#8217;universale. \u201cHo portato in tipografia il flashback di una terra produttiva in ogni suo lembo per sconcertare quanti ora la vedono inselvatichita. Le devo questo tributo per riconoscenza, poich\u00e9 mi ha accolto nel suo grembo, quand&#8217;anche fosse intenta a ripagare i contadini con una ricca vendemmia. E se nel proseguio si \u00e8 data con la lesina, io non le lesino la mia gratitudine e gliela dimostro, dipingendone il profilo prosperoso di una volta\u201d. Cos\u00ec l&#8217;A. nelle prime pagine del tributo che si \u00e8 proposto di versare come un debito di gratitudine alla sua terra che vive ora pi\u00f9 nell&#8217;immaginazione che nella realt\u00e0.<br \/>\nComplessa e tormentata la piccola-grande patria nella quale Cecili immerge il proprio io per esaltare le note molteplici da far percepire al lettore: \u201cI nostri villaggi somigliano ad una corale polifonica che esegue una canzone a canone (tipo Fra Martino campanaro); ripetono la stessa musica con la stessa tonalit\u00e0 d&#8217;impianto, anche se ognuna ha la pretensione di marcare la propria differenza proprio con lo statuto\u201d.<br \/>\nAffondando nel passato vengono poi alla luce le storie dei villaggi sparsi da secoli lungo la Valle. Sono storie minime e ripetitive costrette nei limiti delle tradizioni e delle consuetudini, ma che a volte assumono il carattere del miracolo nei racconti popolari, a volte sono il risultato dell&#8217;espressione cruda della giustizia terrena, che ogni comunit\u00e0 amministra gelosamente con la normativa che si \u00e8 data. In proposito un capitolo \u00e8 dedicato ad una \u201cCarrellata di Statuti\u201d: sono presenti, in ordine alfabetico, tutti gli odierni Comuni, da Affile fino a Vicovaro. Prima, per\u00f2, l&#8217;A. descrive con cura le vicende dello stato-abbazia di Subiaco, in cui si staglia nettamente la figura del frate domenicano Giovanni Torquemada, al quale il pontefice Callisto III affid\u00f2 il \u201cgoverno spirituale e politico dell&#8217;abbazia\u201d nel 1456. Anche la comunit\u00e0 di Roviano e le singolari norme del suo statuto sono oggetto di un&#8217;indagine particolare. Basta scorrere qualche titolo (Galetotto fu il ladro \u2026 Tanto va la gatta al lardo &#8230;Vita faunesca &#8230;Femmina d&#8217;amare, femmina d&#8217;amori \u2026 e cos\u00ec via). Ma si possono cogliere perle un po&#8217; dovunque: ad Anticoli, il cui primo statuto risale al 1524, il collegio dei massari \u201cera l&#8217;organismo socialmente e politicamente pi\u00f9 importante, tant&#8217;\u00e8 vero che tutte le ordinanze dovevano avere il suo placet\u201d. I massari emanavano bandi, vigilavano sulla loro applicazione, decidevano l&#8217;esclusiva dei pascoli, eccetera. Erano sanzionati i furti degli ortaggi e alla punizione non sfuggiva nemmeno il ladro di fave, mentre la raccolta delle castagne era libera, ma solo dopo il primo novembre. Ad Arsoli, invece, non esisteva, secondo lo statuto, parit\u00e0 di genere, per cui la moglie senza il permesso del marito non poteva n\u00e9 vendere n\u00e9 comprare e non disponeva nemmeno della dote e dei doni nuziali. A Gerano i maiali che invadevano i fondi altrui, se catturati in flagranza, rischiavano la pelle e le spoglie venivano divise fra il porcaro, il comune e il danneggiato. Ogni localit\u00e0, quindi, presenta una sua storia peculiare ed una ricchezza di vicende difficili da riassumere: questi brevi accenni fanno comprendere la dovizia di informazioni contenute nel volume. Al quale, infine, accede un glossario che completa degnamente l&#8217;opera.<br \/>\nUn libro, questo del Cecili, che costituisce una lettura pensosa e dilettosa e un modello per le pubblicazioni che hanno ad oggetto la patria del cuore, come effettivamente viene qui ricostruita dal Nostro (NiCa).<\/p>\n","protected":false},"excerpt":{"rendered":"<p>G. Cecili, Sono tornate le rane nella valle dell&#8217;Aniene. Detriti di cultura agraria, Fabreschi, Subiaco 2024, (16&#215;23), pp. 176, Ill. b\/n e a colori, s.i.p. Ha inizio con un bando&#8230;<\/p>\n","protected":false},"author":2,"featured_media":0,"comment_status":"open","ping_status":"open","sticky":false,"template":"","format":"standard","meta":{"footnotes":""},"categories":[25],"tags":[],"class_list":["post-5511","post","type-post","status-publish","format-standard","hentry","category-lo-scaffale-di-aequa"],"_links":{"self":[{"href":"https:\/\/www.aequa.org\/v1\/index.php\/wp-json\/wp\/v2\/posts\/5511","targetHints":{"allow":["GET"]}}],"collection":[{"href":"https:\/\/www.aequa.org\/v1\/index.php\/wp-json\/wp\/v2\/posts"}],"about":[{"href":"https:\/\/www.aequa.org\/v1\/index.php\/wp-json\/wp\/v2\/types\/post"}],"author":[{"embeddable":true,"href":"https:\/\/www.aequa.org\/v1\/index.php\/wp-json\/wp\/v2\/users\/2"}],"replies":[{"embeddable":true,"href":"https:\/\/www.aequa.org\/v1\/index.php\/wp-json\/wp\/v2\/comments?post=5511"}],"version-history":[{"count":1,"href":"https:\/\/www.aequa.org\/v1\/index.php\/wp-json\/wp\/v2\/posts\/5511\/revisions"}],"predecessor-version":[{"id":5512,"href":"https:\/\/www.aequa.org\/v1\/index.php\/wp-json\/wp\/v2\/posts\/5511\/revisions\/5512"}],"wp:attachment":[{"href":"https:\/\/www.aequa.org\/v1\/index.php\/wp-json\/wp\/v2\/media?parent=5511"}],"wp:term":[{"taxonomy":"category","embeddable":true,"href":"https:\/\/www.aequa.org\/v1\/index.php\/wp-json\/wp\/v2\/categories?post=5511"},{"taxonomy":"post_tag","embeddable":true,"href":"https:\/\/www.aequa.org\/v1\/index.php\/wp-json\/wp\/v2\/tags?post=5511"}],"curies":[{"name":"wp","href":"https:\/\/api.w.org\/{rel}","templated":true}]}}